{"id":4287,"date":"2012-08-26T11:50:20","date_gmt":"2012-08-26T10:50:20","guid":{"rendered":"http:\/\/www.virginie.it\/blog\/?p=4287"},"modified":"2012-08-26T11:50:20","modified_gmt":"2012-08-26T10:50:20","slug":"orecchiette-con-stracciatella-speck-e-ciliegini","status":"publish","type":"post","link":"https:\/\/www.virginie.it\/blog\/2012\/08\/orecchiette-con-stracciatella-speck-e-ciliegini\/","title":{"rendered":"Orecchiette con Stracciatella, Speck e Ciliegini"},"content":{"rendered":"ngg_shortcode_0_placeholder\n<p>In attesa che lucifero se ne vada ecco una ricetta estiva, facile e deliziosa dai sapori mediterranei. Per realizzare questo piatto ho utilizzato le orecchiette \u00ab\u00a0Vivere Italiano\u00a0\u00bb biologiche che ho trovato veramente squisite e ottime in questo contesto.<\/p>\n<p><strong>Ingredienti per 2 persone:<\/strong><\/p>\n<ul>\n<li>160 gr di orecchiette biologiche <a href=\"http:\/\/www.vivereitaliano.it\/index.php?pagina=274919956&amp;idcat=1\" target=\"_blank\">Vivere Italiano<\/a>;<\/li>\n<li>50 gr di speck;<\/li>\n<li>15 pomodorini ciliegini;<\/li>\n<li>stracciatella a piacere;<\/li>\n<li>alcune foglie di basilico fresco;<\/li>\n<li>2 cucchiai di olio extravergine di oliva;<\/li>\n<li>sale, pepe qb.<\/li>\n<\/ul>\n<p><strong>Preparazione a modo mio:<\/strong><br \/>\nPer prima cosa taglio lo speck a cubetti che lascio soffriggere in olio evo finch\u00e9 non sar\u00e0 croccante, unisco i pomodorini ciliegini tagliati a met\u00e0 e proseguo la cottura per circa 10 minuti a fiamma moderata. Regolo di sale il mio condimento, unisco le orecchiette lessate al dente che faccio saltare con un mestolo di acqua di cottura e delle foglie di basilico. Servo le mie orecchiette con alcune cucchiaiate di stracciatella ed una spolverata di pepe nero.<\/p>\n<div class=\"ngg-related-gallery\">\n\t\t\t<a href=\"https:\/\/www.virginie.it\/blog\/wp-content\/gallery\/ricette\/torta-salata-3-speck.jpg?t=1564934148\"\n\t\t\ttitle=\" \"\n\t\t\t\t\t\t\t\t\t\t\t\t\t\t\tclass=\"shutterset_943ed0c7c1995d695bcf3cffe9dcfb74\" data-image-id=\"69\" data-src=\"https:\/\/www.virginie.it\/blog\/wp-content\/gallery\/ricette\/torta-salata-3-speck.jpg?t=1564934148\" data-thumbnail=\"https:\/\/www.virginie.it\/blog\/wp-content\/gallery\/ricette\/thumbs\/thumbs_torta-salata-3-speck.jpg?t=1564934148\" data-title=\"torta-salata-3-speck.jpg\" data-description=\" \">\n\t\t\t<img title=\"torta-salata-3-speck.jpg\"\n\t\t\t\talt=\"torta-salata-3-speck.jpg\"\n\t\t\t\tdata-image-id=\"69\"\n\t\t\t\tsrc=\"\"\/>\n\t\t<\/a>\n\t\t\t<a href=\"https:\/\/www.virginie.it\/blog\/wp-content\/gallery\/ricette\/pastastraciatella.jpg?t=1564935283\"\n\t\t\ttitle=\" \"\n\t\t\t\t\t\t\t\t\t\t\t\t\t\t\tclass=\"shutterset_943ed0c7c1995d695bcf3cffe9dcfb74\" data-image-id=\"291\" data-src=\"https:\/\/www.virginie.it\/blog\/wp-content\/gallery\/ricette\/pastastraciatella.jpg?t=1564935283\" data-thumbnail=\"https:\/\/www.virginie.it\/blog\/wp-content\/gallery\/ricette\/thumbs\/thumbs_pastastraciatella.jpg?t=1564935283\" data-title=\"pastastraciatella\" data-description=\" \">\n\t\t\t<img title=\"pastastraciatella\"\n\t\t\t\talt=\"pastastraciatella\"\n\t\t\t\tdata-image-id=\"291\"\n\t\t\t\tsrc=\"\"\/>\n\t\t<\/a>\n\t\t\t<a href=\"https:\/\/www.virginie.it\/blog\/wp-content\/gallery\/ricette\/risottospeckpistacchi.jpg?t=1564922832\"\n\t\t\ttitle=\" \"\n\t\t\t\t\t\t\t\t\t\t\t\t\t\t\tclass=\"shutterset_943ed0c7c1995d695bcf3cffe9dcfb74\" data-image-id=\"308\" data-src=\"https:\/\/www.virginie.it\/blog\/wp-content\/gallery\/ricette\/risottospeckpistacchi.jpg?t=1564922832\" data-thumbnail=\"https:\/\/www.virginie.it\/blog\/wp-content\/gallery\/ricette\/thumbs\/thumbs_risottospeckpistacchi.jpg?t=1564922832\" data-title=\"risottospeckpistacchi\" data-description=\" \">\n\t\t\t<img title=\"risottospeckpistacchi\"\n\t\t\t\talt=\"risottospeckpistacchi\"\n\t\t\t\tdata-image-id=\"308\"\n\t\t\t\tsrc=\"\"\/>\n\t\t<\/a>\n\t\t\t<a href=\"https:\/\/www.virginie.it\/blog\/wp-content\/gallery\/ricette\/tortinoamaretti.jpg?t=1564928654\"\n\t\t\ttitle=\" \"\n\t\t\t\t\t\t\t\t\t\t\t\t\t\t\tclass=\"shutterset_943ed0c7c1995d695bcf3cffe9dcfb74\" data-image-id=\"446\" data-src=\"https:\/\/www.virginie.it\/blog\/wp-content\/gallery\/ricette\/tortinoamaretti.jpg?t=1564928654\" data-thumbnail=\"https:\/\/www.virginie.it\/blog\/wp-content\/gallery\/ricette\/thumbs\/thumbs_tortinoamaretti.jpg?t=1564928654\" data-title=\"tortinoamaretti\" data-description=\" \">\n\t\t\t<img title=\"tortinoamaretti\"\n\t\t\t\talt=\"tortinoamaretti\"\n\t\t\t\tdata-image-id=\"446\"\n\t\t\t\tsrc=\"\"\/>\n\t\t<\/a>\n\t\t\t<a href=\"https:\/\/www.virginie.it\/blog\/wp-content\/gallery\/ricette\/quinoainsalata.jpg?t=1564928654\"\n\t\t\ttitle=\" \"\n\t\t\t\t\t\t\t\t\t\t\t\t\t\t\tclass=\"shutterset_943ed0c7c1995d695bcf3cffe9dcfb74\" data-image-id=\"447\" data-src=\"https:\/\/www.virginie.it\/blog\/wp-content\/gallery\/ricette\/quinoainsalata.jpg?t=1564928654\" data-thumbnail=\"https:\/\/www.virginie.it\/blog\/wp-content\/gallery\/ricette\/thumbs\/thumbs_quinoainsalata.jpg?t=1564928654\" data-title=\"quinoainsalata\" data-description=\" \">\n\t\t\t<img title=\"quinoainsalata\"\n\t\t\t\talt=\"quinoainsalata\"\n\t\t\t\tdata-image-id=\"447\"\n\t\t\t\tsrc=\"\"\/>\n\t\t<\/a>\n\t\t\t<a href=\"https:\/\/www.virginie.it\/blog\/wp-content\/gallery\/ricette\/cerniaalforno.jpg?t=1564923476\"\n\t\t\ttitle=\" \"\n\t\t\t\t\t\t\t\t\t\t\t\t\t\t\tclass=\"shutterset_943ed0c7c1995d695bcf3cffe9dcfb74\" data-image-id=\"469\" data-src=\"https:\/\/www.virginie.it\/blog\/wp-content\/gallery\/ricette\/cerniaalforno.jpg?t=1564923476\" data-thumbnail=\"https:\/\/www.virginie.it\/blog\/wp-content\/gallery\/ricette\/thumbs\/thumbs_cerniaalforno.jpg?t=1564923476\" data-title=\"cerniaalforno\" data-description=\" \">\n\t\t\t<img title=\"cerniaalforno\"\n\t\t\t\talt=\"cerniaalforno\"\n\t\t\t\tdata-image-id=\"469\"\n\t\t\t\tsrc=\"\"\/>\n\t\t<\/a>\n\t<\/div>\n","protected":false},"excerpt":{"rendered":"<p>In attesa che lucifero se ne vada ecco una ricetta estiva, facile e deliziosa dai sapori mediterranei. Per realizzare questo piatto ho utilizzato le orecchiette \u00ab\u00a0Vivere Italiano\u00a0\u00bb biologiche che ho trovato veramente squisite e ottime in questo contesto. Ingredienti per 2 persone: 160 gr di orecchiette biologiche Vivere Italiano; 50 gr di speck; 15 pomodorini&hellip; <a class=\"more-link\" href=\"https:\/\/www.virginie.it\/blog\/2012\/08\/orecchiette-con-stracciatella-speck-e-ciliegini\/\">Continue reading &rarr;<\/a><\/p>\n","protected":false},"author":2,"featured_media":0,"comment_status":"open","ping_status":"open","sticky":false,"template":"","format":"standard","meta":{"ngg_post_thumbnail":0,"jetpack_post_was_ever_published":false,"_jetpack_newsletter_access":"","_jetpack_dont_email_post_to_subs":false,"_jetpack_newsletter_tier_id":0,"_jetpack_memberships_contains_paywalled_content":false,"_jetpack_memberships_contains_paid_content":false,"footnotes":"","jetpack_publicize_message":"","jetpack_publicize_feature_enabled":true,"jetpack_social_post_already_shared":false,"jetpack_social_options":{"image_generator_settings":{"template":"highway","default_image_id":0,"font":"","enabled":false},"version":2}},"categories":[3,1349],"tags":[1654,1519,1653,2109,2078,2113,1655,1835,2044,1652],"class_list":["post-4287","post","type-post","status-publish","format-standard","hentry","category-la-prima","category-primi","tag-basilico-fresco","tag-biologiche","tag-ciliegini","tag-estiva","tag-facile","tag-orecchiette","tag-rapida","tag-speck","tag-stracciatella","tag-vivere-italiano"],"aioseo_notices":[],"jetpack_publicize_connections":[],"jetpack_featured_media_url":"","jetpack_sharing_enabled":true,"jetpack_shortlink":"https:\/\/wp.me\/pfzlE-179","jetpack_likes_enabled":true,"jetpack-related-posts":[],"_links":{"self":[{"href":"https:\/\/www.virginie.it\/blog\/wp-json\/wp\/v2\/posts\/4287","targetHints":{"allow":["GET"]}}],"collection":[{"href":"https:\/\/www.virginie.it\/blog\/wp-json\/wp\/v2\/posts"}],"about":[{"href":"https:\/\/www.virginie.it\/blog\/wp-json\/wp\/v2\/types\/post"}],"author":[{"embeddable":true,"href":"https:\/\/www.virginie.it\/blog\/wp-json\/wp\/v2\/users\/2"}],"replies":[{"embeddable":true,"href":"https:\/\/www.virginie.it\/blog\/wp-json\/wp\/v2\/comments?post=4287"}],"version-history":[{"count":24,"href":"https:\/\/www.virginie.it\/blog\/wp-json\/wp\/v2\/posts\/4287\/revisions"}],"predecessor-version":[{"id":4311,"href":"https:\/\/www.virginie.it\/blog\/wp-json\/wp\/v2\/posts\/4287\/revisions\/4311"}],"wp:attachment":[{"href":"https:\/\/www.virginie.it\/blog\/wp-json\/wp\/v2\/media?parent=4287"}],"wp:term":[{"taxonomy":"category","embeddable":true,"href":"https:\/\/www.virginie.it\/blog\/wp-json\/wp\/v2\/categories?post=4287"},{"taxonomy":"post_tag","embeddable":true,"href":"https:\/\/www.virginie.it\/blog\/wp-json\/wp\/v2\/tags?post=4287"}],"curies":[{"name":"wp","href":"https:\/\/api.w.org\/{rel}","templated":true}]}}